{"id":3694,"date":"2020-01-02T14:26:45","date_gmt":"2020-01-02T17:26:45","guid":{"rendered":"https:\/\/campestrevarginha.com.br\/site\/?p=3694"},"modified":"2020-01-02T14:30:52","modified_gmt":"2020-01-02T17:30:52","slug":"posse-diretoria","status":"publish","type":"post","link":"https:\/\/campestrevarginha.com.br\/site\/posse-diretoria\/","title":{"rendered":"Posse Diretoria"},"content":{"rendered":"<p>Diretoria Executiva toma posse<\/p>\n<p>Os membros da nova Diretoria Executiva, eleitos dia 24 de novembro de 2019, foram empossados\u00a0 nesta quinta-feira (02\/01\/20) \u00a0para o mandato de tr\u00eas anos. Al\u00e9m dos membros da diretoria, tomaram posse tamb\u00e9m os membros do Conselho Fiscal, do Conselho de Administra\u00e7\u00e3o e das Comiss\u00f5es Especiais.<\/p>\n<p><strong>\u00a0<\/strong><\/p>\n<p><strong>DIRETORIA EXECUTIVA <\/strong><\/p>\n<p style=\"text-align: left;\"><strong>Presidente \u00a0\u00a0\u00a0\u00a0\u00a0\u00a0\u00a0\u00a0 <\/strong>\u00a0 \u00a0 \u00a0 \u00a0 \u00a0 \u00a0 \u00a0 \u00a0 \u00a0 Jos\u00e9 do Carmo Guimar\u00e3es (GUIMA)<\/p>\n<p style=\"text-align: left;\"><strong>1\u00ba Vice-Presidente<\/strong>\u00a0 \u00a0 \u00a0 \u00a0 \u00a0 \u00a0 Nelson Kenso Takamine<\/p>\n<p style=\"text-align: left;\"><strong>2\u00ba Vice-Presidente<\/strong>\u00a0 \u00a0 \u00a0 \u00a0 \u00a0 \u00a0 S\u00f4nia L\u00facia Bregalda Reis<\/p>\n<p style=\"text-align: left;\"><strong>1\u00ba Secret\u00e1rio<\/strong>\u00a0 \u00a0 \u00a0 \u00a0 \u00a0 \u00a0 \u00a0 \u00a0 \u00a0 \u00a0 \u00a0 \u00a0 Alexandre Augusto do Prado (CHINA)<\/p>\n<p style=\"text-align: left;\"><strong>2\u00ba Secret\u00e1rio<\/strong>\u00a0 \u00a0 \u00a0 \u00a0 \u00a0 \u00a0 \u00a0 \u00a0 \u00a0 \u00a0 \u00a0 \u00a0Mur\u00edlio Naves dos Reis Filho<\/p>\n<p style=\"text-align: left;\"><strong>1\u00ba Tesoureiro<\/strong>\u00a0 \u00a0 \u00a0 \u00a0 \u00a0 \u00a0 \u00a0 \u00a0 \u00a0 \u00a0 \u00a0 The\u00f3filo Gomes Ferreira<\/p>\n<p style=\"text-align: left;\"><strong>2\u00ba Tesoureiro<\/strong>\u00a0 \u00a0 \u00a0 \u00a0 \u00a0 \u00a0 \u00a0 \u00a0 \u00a0 \u00a0 \u00a0Eduardo Muniz<\/p>\n<p style=\"text-align: left;\"><strong>Diretor Social<\/strong>\u00a0 \u00a0 \u00a0 \u00a0 \u00a0 \u00a0 \u00a0 \u00a0 \u00a0 \u00a0 \u00a0H\u00e9lio de Almeida Nascimento<\/p>\n<p style=\"text-align: left;\"><strong>Diretor de Patrim\u00f4nio<\/strong>\u00a0 \u00a0M\u00e1rio Ariake<\/p>\n<p style=\"text-align: left;\"><strong>Diretor de Esportes<\/strong>\u00a0 \u00a0 \u00a0 \u00a0 Andr\u00e9 Figueiredo Cassimiro (DEZ\u00c3O)<\/p>\n<p style=\"text-align: left;\"><strong>Diretor de Meio Ambiente<\/strong>\u00a0\u00a0\u00a0\u00a0\u00a0 Valter Bonfim<\/p>\n<p>&nbsp;<\/p>\n<p>&nbsp;<\/p>\n<p><strong>CONSELHO DE ADMINISTRA\u00c7\u00c3O<\/strong><\/p>\n<p>&#8211; Aar\u00e3o salom\u00e3o Cohen Junior<\/p>\n<p>&#8211; Afonso Celso Monticelli Filho<\/p>\n<p>&#8211; Maria Aparecida Caldonazzo<\/p>\n<p>&#8211; Paulo Cesar Felicori Rainato<\/p>\n<p>&#8211; Luiz Carlos de Siqueira<\/p>\n<p>&#8211; Dejair de Miranda (suplente)<\/p>\n<p>&#8211; Bruno Andrade Seabra dos Santos (suplente)<\/p>\n<p>&#8211; Vicente Lavandoski (suplente)<\/p>\n<p>&nbsp;<\/p>\n<p><strong>CONSELHO FISCAL<\/strong><\/p>\n<p>&#8211; Felipe Rodrigues Paiva<\/p>\n<p>&#8211; Celso \u00c1vila Prado<\/p>\n<p>&#8211; Divaldo Gon\u00e7alves<\/p>\n<p>&#8211; Cl\u00e9ber Or\u00edgenes Braga (suplente)<\/p>\n<p>&#8211; Carlos Jos\u00e9 Camilo Generoso (suplente)<\/p>\n<p>&#8211; Edevaldo Ig\u00eddio Silva (suplente)<\/p>\n<p>&nbsp;<\/p>\n<p><strong>COMISS\u00c3O SOCIAL<\/strong><\/p>\n<p>&#8211; Geraldo L\u00facio Vallad\u00e3o Mattos<\/p>\n<p>&#8211; Fabr\u00edcio Elias Clepf Paiva<\/p>\n<p>&#8211; Christiano Marinho Moterani<\/p>\n<p>&#8211; M\u00e1rio Luiz Tavares de Souza<\/p>\n<p>&#8211; Adriana Lopes Andrade<\/p>\n<p>&nbsp;<\/p>\n<p><strong>COMISS\u00c3O DE NATA\u00c7\u00c3O<\/strong><\/p>\n<p>&#8211; Ronaldo Figueiredo<\/p>\n<p>&#8211; Walker Cardoso<\/p>\n<p>&#8211; Lucas Paiva Melo<\/p>\n<p>&#8211; Marcelo Rezende<\/p>\n<p>&#8211; Maria Cristina Froesler Resende<\/p>\n<p>&nbsp;<\/p>\n<p><strong>COMISS\u00c3O DE HIDROGIN\u00c1STICA<\/strong><\/p>\n<p>&#8211; Eliana Isabele Gonsales<\/p>\n<p>&#8211; Mois\u00e9s Drumond<\/p>\n<p>&#8211; Lucienne Benciveni Ferreira Botrel<\/p>\n<p><strong>\u00a0<\/strong><strong>\u00a0<\/strong><\/p>\n<p><strong>COMISS\u00c3O DE VOLEI <\/strong><\/p>\n<p>&#8211; Helen Maciel Pereira<\/p>\n<p>&#8211; Fernanda da Silva Carvalho Lima<\/p>\n<p>&#8211; Aline Jussara Lopes Generoso<\/p>\n<p>&nbsp;<\/p>\n<p><strong>COMISS\u00c3O DE T\u00caNIS<\/strong><\/p>\n<p>&#8211; Patrick Marcel Dante<\/p>\n<p>&#8211; Mateus Eduardo dos Santos<\/p>\n<p>&#8211; Alisson Almeida Barros<\/p>\n<p>&nbsp;<\/p>\n<p><strong>COMISS\u00c3O DE MEIO AMBIENTE<\/strong><\/p>\n<p>&#8211; Paulo Cesar Giongo<\/p>\n<p>&#8211; Alexandre Alvarenga Garcia<\/p>\n<p>&#8211; Carlos Alberto Campos Jardim<\/p>\n<p>&#8211; Gustavo de Paiva Resende Toledo<\/p>\n<p>&nbsp;<\/p>\n<p><strong>\u00a0COMISS\u00c3O DE PETECA<\/strong><\/p>\n<p>&#8211; Luiz Fernando Moreno Gomes<\/p>\n<p>&#8211; Ricardo Esper.<\/p>\n<p>&nbsp;<\/p>\n<p><strong>\u00a0COMISS\u00c3O DE FUTEBOL <\/strong><\/p>\n<p>&#8211; Cl\u00e9cio Botelho Tavares<\/p>\n<p>&#8211; Vicente Lavandoski<\/p>\n<p>&#8211; Jos\u00e9 Fernando Coelho<\/p>\n<p>&#8211; Tony Karin Bou Karim<\/p>\n<p>&#8211; Leidinaldo Evandro<\/p>\n<p>&#8211; Moacir Claudiano<\/p>\n<p>&#8211; Silvino Homero J\u00fanior<\/p>\n<p><strong>\u00a0<\/strong><\/p>\n<p><strong>\u00a0<img fetchpriority=\"high\" decoding=\"async\" class=\"alignnone size-full wp-image-3695\" src=\"https:\/\/campestrevarginha.com.br\/site\/wp-content\/uploads\/2020\/01\/m_DSC_0377.jpg\" alt=\"\" width=\"800\" height=\"535\" srcset=\"https:\/\/campestrevarginha.com.br\/site\/wp-content\/uploads\/2020\/01\/m_DSC_0377.jpg 800w, https:\/\/campestrevarginha.com.br\/site\/wp-content\/uploads\/2020\/01\/m_DSC_0377-300x201.jpg 300w, https:\/\/campestrevarginha.com.br\/site\/wp-content\/uploads\/2020\/01\/m_DSC_0377-768x514.jpg 768w\" sizes=\"(max-width: 800px) 100vw, 800px\" \/> <img decoding=\"async\" class=\"alignnone size-large wp-image-3696\" src=\"https:\/\/campestrevarginha.com.br\/site\/wp-content\/uploads\/2020\/01\/m_DSC_0386.jpg\" alt=\"\" width=\"800\" height=\"535\" srcset=\"https:\/\/campestrevarginha.com.br\/site\/wp-content\/uploads\/2020\/01\/m_DSC_0386.jpg 800w, https:\/\/campestrevarginha.com.br\/site\/wp-content\/uploads\/2020\/01\/m_DSC_0386-300x201.jpg 300w, https:\/\/campestrevarginha.com.br\/site\/wp-content\/uploads\/2020\/01\/m_DSC_0386-768x514.jpg 768w\" sizes=\"(max-width: 800px) 100vw, 800px\" \/> <img decoding=\"async\" class=\"alignnone size-large wp-image-3697\" src=\"https:\/\/campestrevarginha.com.br\/site\/wp-content\/uploads\/2020\/01\/m_DSC_0396.jpg\" alt=\"\" width=\"800\" height=\"535\" srcset=\"https:\/\/campestrevarginha.com.br\/site\/wp-content\/uploads\/2020\/01\/m_DSC_0396.jpg 800w, https:\/\/campestrevarginha.com.br\/site\/wp-content\/uploads\/2020\/01\/m_DSC_0396-300x201.jpg 300w, https:\/\/campestrevarginha.com.br\/site\/wp-content\/uploads\/2020\/01\/m_DSC_0396-768x514.jpg 768w\" sizes=\"(max-width: 800px) 100vw, 800px\" \/> <img loading=\"lazy\" decoding=\"async\" class=\"alignnone size-large wp-image-3698\" src=\"https:\/\/campestrevarginha.com.br\/site\/wp-content\/uploads\/2020\/01\/m_DSC_0411.jpg\" alt=\"\" width=\"800\" height=\"535\" srcset=\"https:\/\/campestrevarginha.com.br\/site\/wp-content\/uploads\/2020\/01\/m_DSC_0411.jpg 800w, https:\/\/campestrevarginha.com.br\/site\/wp-content\/uploads\/2020\/01\/m_DSC_0411-300x201.jpg 300w, https:\/\/campestrevarginha.com.br\/site\/wp-content\/uploads\/2020\/01\/m_DSC_0411-768x514.jpg 768w\" sizes=\"(max-width: 800px) 100vw, 800px\" \/> <img loading=\"lazy\" decoding=\"async\" class=\"alignnone size-large wp-image-3699\" src=\"https:\/\/campestrevarginha.com.br\/site\/wp-content\/uploads\/2020\/01\/m_DSC_0415.jpg\" alt=\"\" width=\"800\" height=\"535\" srcset=\"https:\/\/campestrevarginha.com.br\/site\/wp-content\/uploads\/2020\/01\/m_DSC_0415.jpg 800w, https:\/\/campestrevarginha.com.br\/site\/wp-content\/uploads\/2020\/01\/m_DSC_0415-300x201.jpg 300w, https:\/\/campestrevarginha.com.br\/site\/wp-content\/uploads\/2020\/01\/m_DSC_0415-768x514.jpg 768w\" sizes=\"(max-width: 800px) 100vw, 800px\" \/> <img loading=\"lazy\" decoding=\"async\" class=\"alignnone size-large wp-image-3700\" src=\"https:\/\/campestrevarginha.com.br\/site\/wp-content\/uploads\/2020\/01\/m_DSC_0418.jpg\" alt=\"\" width=\"800\" height=\"535\" srcset=\"https:\/\/campestrevarginha.com.br\/site\/wp-content\/uploads\/2020\/01\/m_DSC_0418.jpg 800w, https:\/\/campestrevarginha.com.br\/site\/wp-content\/uploads\/2020\/01\/m_DSC_0418-300x201.jpg 300w, https:\/\/campestrevarginha.com.br\/site\/wp-content\/uploads\/2020\/01\/m_DSC_0418-768x514.jpg 768w\" sizes=\"(max-width: 800px) 100vw, 800px\" \/> <img loading=\"lazy\" decoding=\"async\" class=\"alignnone size-large wp-image-3701\" src=\"https:\/\/campestrevarginha.com.br\/site\/wp-content\/uploads\/2020\/01\/m_DSC_0422.jpg\" alt=\"\" width=\"800\" height=\"535\" srcset=\"https:\/\/campestrevarginha.com.br\/site\/wp-content\/uploads\/2020\/01\/m_DSC_0422.jpg 800w, https:\/\/campestrevarginha.com.br\/site\/wp-content\/uploads\/2020\/01\/m_DSC_0422-300x201.jpg 300w, https:\/\/campestrevarginha.com.br\/site\/wp-content\/uploads\/2020\/01\/m_DSC_0422-768x514.jpg 768w\" sizes=\"(max-width: 800px) 100vw, 800px\" \/> <img loading=\"lazy\" decoding=\"async\" class=\"alignnone size-large wp-image-3702\" src=\"https:\/\/campestrevarginha.com.br\/site\/wp-content\/uploads\/2020\/01\/m_DSC_0424.jpg\" alt=\"\" width=\"800\" height=\"535\" srcset=\"https:\/\/campestrevarginha.com.br\/site\/wp-content\/uploads\/2020\/01\/m_DSC_0424.jpg 800w, https:\/\/campestrevarginha.com.br\/site\/wp-content\/uploads\/2020\/01\/m_DSC_0424-300x201.jpg 300w, https:\/\/campestrevarginha.com.br\/site\/wp-content\/uploads\/2020\/01\/m_DSC_0424-768x514.jpg 768w\" sizes=\"(max-width: 800px) 100vw, 800px\" \/> <img loading=\"lazy\" decoding=\"async\" class=\"alignnone size-large wp-image-3703\" src=\"https:\/\/campestrevarginha.com.br\/site\/wp-content\/uploads\/2020\/01\/m_DSC_0433.jpg\" alt=\"\" width=\"800\" height=\"535\" srcset=\"https:\/\/campestrevarginha.com.br\/site\/wp-content\/uploads\/2020\/01\/m_DSC_0433.jpg 800w, https:\/\/campestrevarginha.com.br\/site\/wp-content\/uploads\/2020\/01\/m_DSC_0433-300x201.jpg 300w, https:\/\/campestrevarginha.com.br\/site\/wp-content\/uploads\/2020\/01\/m_DSC_0433-768x514.jpg 768w\" sizes=\"(max-width: 800px) 100vw, 800px\" \/> <img loading=\"lazy\" decoding=\"async\" class=\"alignnone size-large wp-image-3704\" src=\"https:\/\/campestrevarginha.com.br\/site\/wp-content\/uploads\/2020\/01\/m_DSC_0434.jpg\" alt=\"\" width=\"800\" height=\"535\" srcset=\"https:\/\/campestrevarginha.com.br\/site\/wp-content\/uploads\/2020\/01\/m_DSC_0434.jpg 800w, https:\/\/campestrevarginha.com.br\/site\/wp-content\/uploads\/2020\/01\/m_DSC_0434-300x201.jpg 300w, https:\/\/campestrevarginha.com.br\/site\/wp-content\/uploads\/2020\/01\/m_DSC_0434-768x514.jpg 768w\" sizes=\"(max-width: 800px) 100vw, 800px\" \/> <img loading=\"lazy\" decoding=\"async\" class=\"alignnone size-large wp-image-3705\" src=\"https:\/\/campestrevarginha.com.br\/site\/wp-content\/uploads\/2020\/01\/m_DSC_0439.jpg\" alt=\"\" width=\"800\" height=\"535\" srcset=\"https:\/\/campestrevarginha.com.br\/site\/wp-content\/uploads\/2020\/01\/m_DSC_0439.jpg 800w, https:\/\/campestrevarginha.com.br\/site\/wp-content\/uploads\/2020\/01\/m_DSC_0439-300x201.jpg 300w, https:\/\/campestrevarginha.com.br\/site\/wp-content\/uploads\/2020\/01\/m_DSC_0439-768x514.jpg 768w\" sizes=\"(max-width: 800px) 100vw, 800px\" \/> <img loading=\"lazy\" decoding=\"async\" class=\"alignnone size-large wp-image-3706\" src=\"https:\/\/campestrevarginha.com.br\/site\/wp-content\/uploads\/2020\/01\/m_DSC_0440.jpg\" alt=\"\" width=\"800\" height=\"535\" srcset=\"https:\/\/campestrevarginha.com.br\/site\/wp-content\/uploads\/2020\/01\/m_DSC_0440.jpg 800w, https:\/\/campestrevarginha.com.br\/site\/wp-content\/uploads\/2020\/01\/m_DSC_0440-300x201.jpg 300w, https:\/\/campestrevarginha.com.br\/site\/wp-content\/uploads\/2020\/01\/m_DSC_0440-768x514.jpg 768w\" sizes=\"(max-width: 800px) 100vw, 800px\" \/><\/strong><\/p>\n","protected":false},"excerpt":{"rendered":"<p>Diretoria Executiva toma posse Os membros da nova Diretoria Executiva, eleitos dia 24 de novembro de 2019, foram empossados\u00a0 nesta quinta-feira (02\/01\/20) \u00a0para o mandato de tr\u00eas anos. Al\u00e9m dos membros da diretoria, tomaram posse tamb\u00e9m os membros do Conselho Fiscal, do Conselho de Administra\u00e7\u00e3o e das Comiss\u00f5es Especiais. \u00a0 DIRETORIA EXECUTIVA Presidente \u00a0\u00a0\u00a0\u00a0\u00a0\u00a0\u00a0\u00a0 \u00a0 \u00a0 \u00a0 \u00a0 \u00a0 \u00a0 \u00a0 \u00a0 \u00a0 Jos\u00e9 do Carmo Guimar\u00e3es (GUIMA) 1\u00ba Vice-Presidente\u00a0 \u00a0 \u00a0 \u00a0 \u00a0 \u00a0 Nelson Kenso Takamine 2\u00ba Vice-Presidente\u00a0 \u00a0 \u00a0 \u00a0 \u00a0 \u00a0 S\u00f4nia L\u00facia Bregalda Reis 1\u00ba Secret\u00e1rio\u00a0 \u00a0 \u00a0 \u00a0 \u00a0 \u00a0 \u00a0 \u00a0 \u00a0 \u00a0 \u00a0 \u00a0 Alexandre Augusto do Prado (CHINA) 2\u00ba Secret\u00e1rio\u00a0 \u00a0 \u00a0 \u00a0 \u00a0 \u00a0 \u00a0 \u00a0 \u00a0 \u00a0 \u00a0 \u00a0Mur\u00edlio Naves dos Reis Filho 1\u00ba Tesoureiro\u00a0 \u00a0 \u00a0 \u00a0 \u00a0 \u00a0 \u00a0 \u00a0 \u00a0 \u00a0 \u00a0 The\u00f3filo Gomes Ferreira 2\u00ba Tesoureiro\u00a0 \u00a0 \u00a0 \u00a0 \u00a0 \u00a0 \u00a0 \u00a0 \u00a0 \u00a0 \u00a0Eduardo Muniz Diretor Social\u00a0 \u00a0 \u00a0 \u00a0 \u00a0 \u00a0 \u00a0 \u00a0 \u00a0 \u00a0 \u00a0H\u00e9lio de Almeida Nascimento Diretor de Patrim\u00f4nio\u00a0 \u00a0M\u00e1rio Ariake Diretor de Esportes\u00a0 \u00a0 \u00a0 \u00a0 Andr\u00e9 Figueiredo Cassimiro (DEZ\u00c3O) Diretor de Meio Ambiente\u00a0\u00a0\u00a0\u00a0\u00a0 Valter Bonfim &nbsp; &nbsp; CONSELHO DE ADMINISTRA\u00c7\u00c3O &#8211; Aar\u00e3o salom\u00e3o Cohen Junior &#8211; Afonso Celso Monticelli Filho &#8211; Maria Aparecida Caldonazzo &#8211; Paulo Cesar Felicori Rainato &#8211; Luiz Carlos de Siqueira &#8211; Dejair de Miranda (suplente) &#8211; Bruno Andrade Seabra dos Santos (suplente) &#8211; Vicente Lavandoski (suplente) &nbsp; CONSELHO FISCAL &#8211; Felipe Rodrigues Paiva &#8211; Celso \u00c1vila Prado &#8211; Divaldo Gon\u00e7alves &#8211; Cl\u00e9ber Or\u00edgenes Braga (suplente) &#8211; Carlos Jos\u00e9 Camilo Generoso (suplente) &#8211; Edevaldo Ig\u00eddio Silva (suplente) &nbsp; COMISS\u00c3O SOCIAL &#8211; Geraldo L\u00facio Vallad\u00e3o Mattos &#8211; Fabr\u00edcio Elias Clepf Paiva &#8211; Christiano Marinho Moterani &#8211; M\u00e1rio Luiz Tavares de Souza &#8211; Adriana Lopes Andrade &nbsp; COMISS\u00c3O DE NATA\u00c7\u00c3O &#8211; Ronaldo Figueiredo &#8211; Walker Cardoso &#8211; Lucas Paiva Melo &#8211; Marcelo Rezende &#8211; Maria Cristina Froesler Resende &nbsp; COMISS\u00c3O DE HIDROGIN\u00c1STICA &#8211; Eliana Isabele Gonsales &#8211; Mois\u00e9s Drumond &#8211; Lucienne Benciveni Ferreira Botrel \u00a0\u00a0 COMISS\u00c3O DE VOLEI &#8211; Helen Maciel Pereira &#8211; Fernanda da Silva Carvalho Lima &#8211; Aline Jussara Lopes Generoso &nbsp; COMISS\u00c3O DE T\u00caNIS &#8211; Patrick Marcel Dante &#8211; Mateus Eduardo dos Santos &#8211; Alisson Almeida Barros &nbsp; COMISS\u00c3O DE MEIO AMBIENTE &#8211; Paulo Cesar Giongo &#8211; Alexandre Alvarenga Garcia &#8211; Carlos Alberto Campos Jardim &#8211; Gustavo de Paiva Resende Toledo &nbsp; \u00a0COMISS\u00c3O DE PETECA &#8211; Luiz Fernando Moreno Gomes &#8211; Ricardo Esper. &nbsp; \u00a0COMISS\u00c3O DE FUTEBOL &#8211; Cl\u00e9cio Botelho Tavares &#8211; Vicente Lavandoski &#8211; Jos\u00e9 Fernando Coelho &#8211; Tony Karin Bou Karim &#8211; Leidinaldo Evandro &#8211; Moacir Claudiano &#8211; Silvino Homero J\u00fanior \u00a0 \u00a0<\/p>\n","protected":false},"author":3,"featured_media":3707,"comment_status":"open","ping_status":"open","sticky":false,"template":"","format":"standard","meta":{"footnotes":""},"categories":[1],"tags":[],"class_list":["post-3694","post","type-post","status-publish","format-standard","has-post-thumbnail","hentry","category-noticias"],"_links":{"self":[{"href":"https:\/\/campestrevarginha.com.br\/site\/wp-json\/wp\/v2\/posts\/3694","targetHints":{"allow":["GET"]}}],"collection":[{"href":"https:\/\/campestrevarginha.com.br\/site\/wp-json\/wp\/v2\/posts"}],"about":[{"href":"https:\/\/campestrevarginha.com.br\/site\/wp-json\/wp\/v2\/types\/post"}],"author":[{"embeddable":true,"href":"https:\/\/campestrevarginha.com.br\/site\/wp-json\/wp\/v2\/users\/3"}],"replies":[{"embeddable":true,"href":"https:\/\/campestrevarginha.com.br\/site\/wp-json\/wp\/v2\/comments?post=3694"}],"version-history":[{"count":0,"href":"https:\/\/campestrevarginha.com.br\/site\/wp-json\/wp\/v2\/posts\/3694\/revisions"}],"wp:featuredmedia":[{"embeddable":true,"href":"https:\/\/campestrevarginha.com.br\/site\/wp-json\/wp\/v2\/media\/3707"}],"wp:attachment":[{"href":"https:\/\/campestrevarginha.com.br\/site\/wp-json\/wp\/v2\/media?parent=3694"}],"wp:term":[{"taxonomy":"category","embeddable":true,"href":"https:\/\/campestrevarginha.com.br\/site\/wp-json\/wp\/v2\/categories?post=3694"},{"taxonomy":"post_tag","embeddable":true,"href":"https:\/\/campestrevarginha.com.br\/site\/wp-json\/wp\/v2\/tags?post=3694"}],"curies":[{"name":"wp","href":"https:\/\/api.w.org\/{rel}","templated":true}]}}