{"id":424,"date":"2017-09-11T13:16:31","date_gmt":"2017-09-11T16:16:31","guid":{"rendered":"https:\/\/campestrevarginha.com.br\/site\/?p=424"},"modified":"2017-09-15T12:09:05","modified_gmt":"2017-09-15T15:09:05","slug":"comunicado-babas","status":"publish","type":"post","link":"https:\/\/campestrevarginha.com.br\/site\/comunicado-babas\/","title":{"rendered":"Comunicado: acesso de bab\u00e1s"},"content":{"rendered":"<p style=\"text-align: center;\">COMUNICADO<\/p>\n<p>&nbsp;<\/p>\n<p>Prezado (a) associado (a),<\/p>\n<p>Informamos que, a partir de 01\u00ba de setembro de 2017, n\u00e3o ser\u00e1 permitida a expedi\u00e7\u00e3o de autoriza\u00e7\u00e3o especial para o acesso de bab\u00e1s na Portaria do Clube.<\/p>\n<p>O acesso das bab\u00e1s dar-se-\u00e1 t\u00e3o somente pela apresenta\u00e7\u00e3o da Credencial Tempor\u00e1ria, conforme determina\u00e7\u00e3o do artigo 16, do Regulamento Interno.<\/p>\n<p>A Credencial Tempor\u00e1ria \u00e9 expedida pela Secretaria do Clube, cabendo ao interessado:<\/p>\n<p>I &#8211; Exibir c\u00f3pia autenticada das principais pe\u00e7as da Carteira de Trabalho e Previd\u00eancia Social, na qual conste a admiss\u00e3o como empregada, acompanhada de C\u00e9dula de Identidade ou Certid\u00e3o de Nascimento.<\/p>\n<p>II- 1 foto 3&#215;4<\/p>\n<p>III &#8211; Assinar termo de responsabilidade, responsabilizando-se pelos atos da preposta.<\/p>\n<p>Ressaltamos ainda que:<br \/>\nA bab\u00e1 n\u00e3o poder\u00e1 fazer uso das depend\u00eancias do Clube e dever\u00e1 usar o bracelete ou crach\u00e1 colocado na Portaria.<br \/>\nA bab\u00e1 n\u00e3o poder\u00e1 acompanhar filhos de mais de um associado.<br \/>\nA Credencial Tempor\u00e1ria ter\u00e1 validade de 6 (seis) meses, prorrog\u00e1veis por iguais per\u00edodos, mediante requerimento do interessado, desde que provada a perman\u00eancia do v\u00ednculo empregat\u00edcio.<\/p>\n<p>obs.: O prazo para libera\u00e7\u00e3o da carteirinha \u00e9 de at\u00e9 uma semana.<\/p>\n<p>Contamos com a compreens\u00e3o de todos.<\/p>\n<p style=\"text-align: center;\">A Diretoria<\/p>\n<p style=\"text-align: center;\">\n","protected":false},"excerpt":{"rendered":"<p>COMUNICADO &nbsp; Prezado (a) associado (a), Informamos que, a partir de 01\u00ba de setembro de 2017, n\u00e3o ser\u00e1 permitida a expedi\u00e7\u00e3o de autoriza\u00e7\u00e3o especial para o acesso de bab\u00e1s na Portaria do Clube. O acesso das bab\u00e1s dar-se-\u00e1 t\u00e3o somente pela apresenta\u00e7\u00e3o da Credencial Tempor\u00e1ria, conforme determina\u00e7\u00e3o do artigo 16, do Regulamento Interno. A Credencial Tempor\u00e1ria \u00e9 expedida pela Secretaria do Clube, cabendo ao interessado: I &#8211; Exibir c\u00f3pia autenticada das principais pe\u00e7as da Carteira de Trabalho e Previd\u00eancia Social, na qual conste a admiss\u00e3o como empregada, acompanhada de C\u00e9dula de Identidade ou Certid\u00e3o de Nascimento. II- 1 foto 3&#215;4 III &#8211; Assinar termo de responsabilidade, responsabilizando-se pelos atos da preposta. Ressaltamos ainda que: A bab\u00e1 n\u00e3o poder\u00e1 fazer uso das depend\u00eancias do Clube e dever\u00e1 usar o bracelete ou crach\u00e1 colocado na Portaria. A bab\u00e1 n\u00e3o poder\u00e1 acompanhar filhos de mais de um associado. A Credencial Tempor\u00e1ria ter\u00e1 validade de 6 (seis) meses, prorrog\u00e1veis por iguais per\u00edodos, mediante requerimento do interessado, desde que provada a perman\u00eancia do v\u00ednculo empregat\u00edcio. obs.: O prazo para libera\u00e7\u00e3o da carteirinha \u00e9 de at\u00e9 uma semana. Contamos com a compreens\u00e3o de todos. A Diretoria<\/p>\n","protected":false},"author":3,"featured_media":426,"comment_status":"open","ping_status":"open","sticky":false,"template":"","format":"standard","meta":{"footnotes":""},"categories":[1],"tags":[],"class_list":["post-424","post","type-post","status-publish","format-standard","has-post-thumbnail","hentry","category-noticias"],"_links":{"self":[{"href":"https:\/\/campestrevarginha.com.br\/site\/wp-json\/wp\/v2\/posts\/424","targetHints":{"allow":["GET"]}}],"collection":[{"href":"https:\/\/campestrevarginha.com.br\/site\/wp-json\/wp\/v2\/posts"}],"about":[{"href":"https:\/\/campestrevarginha.com.br\/site\/wp-json\/wp\/v2\/types\/post"}],"author":[{"embeddable":true,"href":"https:\/\/campestrevarginha.com.br\/site\/wp-json\/wp\/v2\/users\/3"}],"replies":[{"embeddable":true,"href":"https:\/\/campestrevarginha.com.br\/site\/wp-json\/wp\/v2\/comments?post=424"}],"version-history":[{"count":0,"href":"https:\/\/campestrevarginha.com.br\/site\/wp-json\/wp\/v2\/posts\/424\/revisions"}],"wp:featuredmedia":[{"embeddable":true,"href":"https:\/\/campestrevarginha.com.br\/site\/wp-json\/wp\/v2\/media\/426"}],"wp:attachment":[{"href":"https:\/\/campestrevarginha.com.br\/site\/wp-json\/wp\/v2\/media?parent=424"}],"wp:term":[{"taxonomy":"category","embeddable":true,"href":"https:\/\/campestrevarginha.com.br\/site\/wp-json\/wp\/v2\/categories?post=424"},{"taxonomy":"post_tag","embeddable":true,"href":"https:\/\/campestrevarginha.com.br\/site\/wp-json\/wp\/v2\/tags?post=424"}],"curies":[{"name":"wp","href":"https:\/\/api.w.org\/{rel}","templated":true}]}}